{"id":7242,"date":"2024-07-21T20:00:49","date_gmt":"2024-07-21T18:00:49","guid":{"rendered":"https:\/\/feuerwehr-rehau.de\/?p=7242"},"modified":"2024-07-21T20:00:51","modified_gmt":"2024-07-21T18:00:51","slug":"einweihung-kletterwache","status":"publish","type":"post","link":"https:\/\/feuerwehr-rehau.de\/?p=7242","title":{"rendered":"Einweihung Kletterwache"},"content":{"rendered":"<div class=\"t pg-1m0 pg-1x1 pg-1h3 pg-1y2 pg-1ff1 pg-1fs0 pg-1fc0 pg-1sc0 pg-1ls0 pg-1ws0\">Im Juni erfolgte die Einweihung der \u201eKletterwache 95111\u201c des Dt. Alpenvereins Sektion Hof.<\/div>\n<div class=\"t pg-1m0 pg-1x1 pg-1h3 pg-1y2 pg-1ff1 pg-1fs0 pg-1fc0 pg-1sc0 pg-1ls0 pg-1ws0\">Dieser hat in Teilen unseres alten Ger\u00e4tehauses sein neues Kletterzentrum eingerichtet. Dazu wurde zus\u00e4tzlich auch<\/div>\n<div class=\"t pg-1m0 pg-1x1 pg-1h3 pg-1y4 pg-1ff1 pg-1fs0 pg-1fc0 pg-1sc0 pg-1ls0 pg-1ws0\">vor dem Geb\u00e4ude ein 15m hoher Kletterturm errichtet.<\/div>\n<div class=\"t pg-1m0 pg-1x1 pg-1h3 pg-1y4 pg-1ff1 pg-1fs0 pg-1fc0 pg-1sc0 pg-1ls0 pg-1ws0\">In unserer ehemaligen Fahrzeughallte wurde zudem eine gro\u00dfe Boulder-Landschaft errichtet.<\/div>\n<div class=\"t pg-1m0 pg-1x1 pg-1h3 pg-1y6 pg-1ff1 pg-1fs0 pg-1fc0 pg-1sc0 pg-1ls0 pg-1ws0\">Nachdem wir im Dezember 2020 aus unserer alten Heimat ausgezogen sind, freuen wir uns sehr, dass<\/div>\n<div class=\"t pg-1m0 pg-1x1 pg-1h3 pg-1y7 pg-1ff1 pg-1fs0 pg-1fc0 pg-1sc0 pg-1ls0 pg-1ws0\">das Geb\u00e4ude einer neuen Nutzung unterzogen wird. Es ist sch\u00f6n zu sehen, dass der Charakter des<\/div>\n<div class=\"t pg-1m0 pg-1x1 pg-1h3 pg-1y8 pg-1ff1 pg-1fs0 pg-1fc0 pg-1sc0 pg-1ls0 pg-1ws0\">Ger\u00e4tehauses durch den DAV erhalten bleibt, sind doch viele Erinnerungen mit diesem Geb\u00e4ude<\/div>\n<div class=\"t pg-1m0 pg-1x1 pg-1h3 pg-1y9 pg-1ff1 pg-1fs0 pg-1fc0 pg-1sc0 pg-1ls0 pg-1ws0\">verbunden.<\/div>\n<div class=\"t pg-1m0 pg-1x1 pg-1h3 pg-1ya pg-1ff1 pg-1fs0 pg-1fc0 pg-1sc0 pg-1ls0 pg-1ws0\">Erbaut wurde das Geb\u00e4ude von der Stadt Rehau 1965 und zum 100-j\u00e4hrigen Jubil\u00e4um der Feuerwehr<\/div>\n<div class=\"t pg-1m0 pg-1x1 pg-1h3 pg-1yb pg-1ff1 pg-1fs0 pg-1fc0 pg-1sc0 pg-1ls0 pg-1ws0\">eingeweiht. Im Jahre 1980 wurde das Ger\u00e4tehaus um eine Fahrzeughalle erweitert, die nun der DAV<\/div>\n<div class=\"t pg-1m0 pg-1x1 pg-1h3 pg-1yc pg-1ff1 pg-1fs0 pg-1fc0 pg-1sc0 pg-1ls0 pg-1ws0\">weiternutzt.<\/div>\n<div class=\"t pg-1m0 pg-1x1 pg-1h3 pg-1yd pg-1ff1 pg-1fs0 pg-1fc0 pg-1sc0 pg-1ls0 pg-1ws0\">Wir w\u00fcnschen dem DAV in seiner neuen Heimat alles Gute und m\u00f6gen Euch dort so viele sch\u00f6ne<\/div>\n<div class=\"t pg-1m0 pg-1x1 pg-1h3 pg-1ye pg-1ff1 pg-1fs0 pg-1fc0 pg-1sc0 pg-1ls0 pg-1ws0\">Erinnerungen wiederfahren, wie es bei uns der Fall war<\/div>\n\n\n<figure class=\"wp-block-gallery has-nested-images columns-7 is-cropped wp-block-gallery-1 is-layout-flex wp-block-gallery-is-layout-flex\">\n<figure class=\"wp-block-image size-large\"><a href=\"https:\/\/feuerwehr-rehau.de\/wp-content\/uploads\/2024\/07\/K1600_PICT0011.jpg\"><img decoding=\"async\" width=\"1765\" height=\"1200\" data-id=\"7243\" src=\"https:\/\/feuerwehr-rehau.de\/wp-content\/uploads\/2024\/07\/K1600_PICT0011.jpg\" alt=\"\" class=\"wp-image-7243\" srcset=\"https:\/\/feuerwehr-rehau.de\/wp-content\/uploads\/2024\/07\/K1600_PICT0011.jpg 1765w, https:\/\/feuerwehr-rehau.de\/wp-content\/uploads\/2024\/07\/K1600_PICT0011-1600x1088.jpg 1600w, https:\/\/feuerwehr-rehau.de\/wp-content\/uploads\/2024\/07\/K1600_PICT0011-1536x1044.jpg 1536w\" sizes=\"(max-width: 1765px) 100vw, 1765px\" \/><\/a><\/figure>\n\n\n\n<figure class=\"wp-block-image size-large\"><a href=\"https:\/\/feuerwehr-rehau.de\/wp-content\/uploads\/2024\/07\/K1600_IMG_2359.jpg\"><img decoding=\"async\" width=\"1280\" height=\"960\" data-id=\"7244\" src=\"https:\/\/feuerwehr-rehau.de\/wp-content\/uploads\/2024\/07\/K1600_IMG_2359.jpg\" alt=\"\" class=\"wp-image-7244\"\/><\/a><\/figure>\n\n\n\n<figure class=\"wp-block-image size-large\"><a href=\"https:\/\/feuerwehr-rehau.de\/wp-content\/uploads\/2024\/07\/K1600_IMG_1217.jpg\"><img decoding=\"async\" width=\"1600\" height=\"1200\" data-id=\"7245\" src=\"https:\/\/feuerwehr-rehau.de\/wp-content\/uploads\/2024\/07\/K1600_IMG_1217.jpg\" alt=\"\" class=\"wp-image-7245\" srcset=\"https:\/\/feuerwehr-rehau.de\/wp-content\/uploads\/2024\/07\/K1600_IMG_1217.jpg 1600w, https:\/\/feuerwehr-rehau.de\/wp-content\/uploads\/2024\/07\/K1600_IMG_1217-1536x1152.jpg 1536w\" sizes=\"(max-width: 1600px) 100vw, 1600px\" \/><\/a><\/figure>\n\n\n\n<figure class=\"wp-block-image size-large\"><a href=\"https:\/\/feuerwehr-rehau.de\/wp-content\/uploads\/2024\/07\/K1600_IMG_0501.jpg\"><img decoding=\"async\" width=\"1800\" height=\"1200\" data-id=\"7247\" src=\"https:\/\/feuerwehr-rehau.de\/wp-content\/uploads\/2024\/07\/K1600_IMG_0501.jpg\" alt=\"\" class=\"wp-image-7247\" srcset=\"https:\/\/feuerwehr-rehau.de\/wp-content\/uploads\/2024\/07\/K1600_IMG_0501.jpg 1800w, https:\/\/feuerwehr-rehau.de\/wp-content\/uploads\/2024\/07\/K1600_IMG_0501-1600x1067.jpg 1600w, https:\/\/feuerwehr-rehau.de\/wp-content\/uploads\/2024\/07\/K1600_IMG_0501-1536x1024.jpg 1536w\" sizes=\"(max-width: 1800px) 100vw, 1800px\" \/><\/a><\/figure>\n\n\n\n<figure class=\"wp-block-image size-large\"><a href=\"https:\/\/feuerwehr-rehau.de\/wp-content\/uploads\/2024\/07\/K1600_Geraetehaus-Rehau-1965-Brandwacht-3.jpg\"><img decoding=\"async\" width=\"1200\" height=\"1655\" data-id=\"7248\" src=\"https:\/\/feuerwehr-rehau.de\/wp-content\/uploads\/2024\/07\/K1600_Geraetehaus-Rehau-1965-Brandwacht-3.jpg\" alt=\"\" class=\"wp-image-7248\" srcset=\"https:\/\/feuerwehr-rehau.de\/wp-content\/uploads\/2024\/07\/K1600_Geraetehaus-Rehau-1965-Brandwacht-3.jpg 1200w, https:\/\/feuerwehr-rehau.de\/wp-content\/uploads\/2024\/07\/K1600_Geraetehaus-Rehau-1965-Brandwacht-3-1160x1600.jpg 1160w, https:\/\/feuerwehr-rehau.de\/wp-content\/uploads\/2024\/07\/K1600_Geraetehaus-Rehau-1965-Brandwacht-3-1114x1536.jpg 1114w\" sizes=\"(max-width: 1200px) 100vw, 1200px\" \/><\/a><\/figure>\n\n\n\n<figure class=\"wp-block-image size-large\"><a href=\"https:\/\/feuerwehr-rehau.de\/wp-content\/uploads\/2024\/07\/K1600_Geraetehaus-Rehau-1965-Brandwacht-2.jpg\"><img decoding=\"async\" width=\"1200\" height=\"1651\" data-id=\"7246\" src=\"https:\/\/feuerwehr-rehau.de\/wp-content\/uploads\/2024\/07\/K1600_Geraetehaus-Rehau-1965-Brandwacht-2.jpg\" alt=\"\" class=\"wp-image-7246\" srcset=\"https:\/\/feuerwehr-rehau.de\/wp-content\/uploads\/2024\/07\/K1600_Geraetehaus-Rehau-1965-Brandwacht-2.jpg 1200w, https:\/\/feuerwehr-rehau.de\/wp-content\/uploads\/2024\/07\/K1600_Geraetehaus-Rehau-1965-Brandwacht-2-1163x1600.jpg 1163w, https:\/\/feuerwehr-rehau.de\/wp-content\/uploads\/2024\/07\/K1600_Geraetehaus-Rehau-1965-Brandwacht-2-1116x1536.jpg 1116w\" sizes=\"(max-width: 1200px) 100vw, 1200px\" \/><\/a><\/figure>\n\n\n\n<figure class=\"wp-block-image size-large\"><a href=\"https:\/\/feuerwehr-rehau.de\/wp-content\/uploads\/2024\/07\/K1600_Geraetehaus-Rehau-1965-Brandwacht-1.jpg\"><img decoding=\"async\" width=\"1200\" height=\"1657\" data-id=\"7249\" src=\"https:\/\/feuerwehr-rehau.de\/wp-content\/uploads\/2024\/07\/K1600_Geraetehaus-Rehau-1965-Brandwacht-1.jpg\" alt=\"\" class=\"wp-image-7249\" srcset=\"https:\/\/feuerwehr-rehau.de\/wp-content\/uploads\/2024\/07\/K1600_Geraetehaus-Rehau-1965-Brandwacht-1.jpg 1200w, https:\/\/feuerwehr-rehau.de\/wp-content\/uploads\/2024\/07\/K1600_Geraetehaus-Rehau-1965-Brandwacht-1-1159x1600.jpg 1159w, https:\/\/feuerwehr-rehau.de\/wp-content\/uploads\/2024\/07\/K1600_Geraetehaus-Rehau-1965-Brandwacht-1-1112x1536.jpg 1112w\" sizes=\"(max-width: 1200px) 100vw, 1200px\" \/><\/a><\/figure>\n\n\n\n<figure class=\"wp-block-image size-large\"><a href=\"https:\/\/feuerwehr-rehau.de\/wp-content\/uploads\/2024\/07\/K1600_DSC_6572.jpg\"><img decoding=\"async\" width=\"1805\" height=\"1200\" data-id=\"7251\" src=\"https:\/\/feuerwehr-rehau.de\/wp-content\/uploads\/2024\/07\/K1600_DSC_6572.jpg\" alt=\"\" class=\"wp-image-7251\" srcset=\"https:\/\/feuerwehr-rehau.de\/wp-content\/uploads\/2024\/07\/K1600_DSC_6572.jpg 1805w, https:\/\/feuerwehr-rehau.de\/wp-content\/uploads\/2024\/07\/K1600_DSC_6572-1600x1064.jpg 1600w, https:\/\/feuerwehr-rehau.de\/wp-content\/uploads\/2024\/07\/K1600_DSC_6572-1536x1021.jpg 1536w\" sizes=\"(max-width: 1805px) 100vw, 1805px\" \/><\/a><\/figure>\n\n\n\n<figure class=\"wp-block-image size-large\"><a href=\"https:\/\/feuerwehr-rehau.de\/wp-content\/uploads\/2024\/07\/PICT0011.jpg\"><img decoding=\"async\" width=\"2473\" height=\"1681\" data-id=\"7250\" src=\"https:\/\/feuerwehr-rehau.de\/wp-content\/uploads\/2024\/07\/PICT0011.jpg\" alt=\"\" class=\"wp-image-7250\" srcset=\"https:\/\/feuerwehr-rehau.de\/wp-content\/uploads\/2024\/07\/PICT0011.jpg 2473w, https:\/\/feuerwehr-rehau.de\/wp-content\/uploads\/2024\/07\/PICT0011-1600x1088.jpg 1600w, https:\/\/feuerwehr-rehau.de\/wp-content\/uploads\/2024\/07\/PICT0011-1536x1044.jpg 1536w, https:\/\/feuerwehr-rehau.de\/wp-content\/uploads\/2024\/07\/PICT0011-2048x1392.jpg 2048w\" sizes=\"(max-width: 2473px) 100vw, 2473px\" \/><\/a><\/figure>\n\n\n\n<figure class=\"wp-block-image size-large\"><a href=\"https:\/\/feuerwehr-rehau.de\/wp-content\/uploads\/2024\/07\/1ccdb06f-496c-4f27-b037-ab43d73b4aa8.jpg\"><img decoding=\"async\" width=\"1600\" height=\"1200\" data-id=\"7253\" src=\"https:\/\/feuerwehr-rehau.de\/wp-content\/uploads\/2024\/07\/1ccdb06f-496c-4f27-b037-ab43d73b4aa8.jpg\" alt=\"\" class=\"wp-image-7253\" srcset=\"https:\/\/feuerwehr-rehau.de\/wp-content\/uploads\/2024\/07\/1ccdb06f-496c-4f27-b037-ab43d73b4aa8.jpg 1600w, https:\/\/feuerwehr-rehau.de\/wp-content\/uploads\/2024\/07\/1ccdb06f-496c-4f27-b037-ab43d73b4aa8-1536x1152.jpg 1536w\" sizes=\"(max-width: 1600px) 100vw, 1600px\" \/><\/a><\/figure>\n\n\n\n<figure class=\"wp-block-image size-large\"><a href=\"https:\/\/feuerwehr-rehau.de\/wp-content\/uploads\/2024\/07\/ba592cab-f9a4-4c06-b3f7-da37868f664b.jpg\"><img decoding=\"async\" width=\"1600\" height=\"1200\" data-id=\"7252\" src=\"https:\/\/feuerwehr-rehau.de\/wp-content\/uploads\/2024\/07\/ba592cab-f9a4-4c06-b3f7-da37868f664b.jpg\" alt=\"\" class=\"wp-image-7252\" srcset=\"https:\/\/feuerwehr-rehau.de\/wp-content\/uploads\/2024\/07\/ba592cab-f9a4-4c06-b3f7-da37868f664b.jpg 1600w, https:\/\/feuerwehr-rehau.de\/wp-content\/uploads\/2024\/07\/ba592cab-f9a4-4c06-b3f7-da37868f664b-1536x1152.jpg 1536w\" sizes=\"(max-width: 1600px) 100vw, 1600px\" \/><\/a><\/figure>\n\n\n\n<figure class=\"wp-block-image size-large\"><a href=\"https:\/\/feuerwehr-rehau.de\/wp-content\/uploads\/2024\/07\/K1600_IMG_7990__\u00a9KONRAD.jpg\"><img decoding=\"async\" width=\"1200\" height=\"1800\" data-id=\"7255\" src=\"https:\/\/feuerwehr-rehau.de\/wp-content\/uploads\/2024\/07\/K1600_IMG_7990__\u00a9KONRAD.jpg\" alt=\"\" class=\"wp-image-7255\" srcset=\"https:\/\/feuerwehr-rehau.de\/wp-content\/uploads\/2024\/07\/K1600_IMG_7990__\u00a9KONRAD.jpg 1200w, https:\/\/feuerwehr-rehau.de\/wp-content\/uploads\/2024\/07\/K1600_IMG_7990__\u00a9KONRAD-1067x1600.jpg 1067w, https:\/\/feuerwehr-rehau.de\/wp-content\/uploads\/2024\/07\/K1600_IMG_7990__\u00a9KONRAD-1024x1536.jpg 1024w\" sizes=\"(max-width: 1200px) 100vw, 1200px\" \/><\/a><\/figure>\n\n\n\n<figure class=\"wp-block-image size-large\"><a href=\"https:\/\/feuerwehr-rehau.de\/wp-content\/uploads\/2024\/07\/K1600_IMG_8035_\u00a9konrad.jpg\"><img decoding=\"async\" width=\"1200\" height=\"1800\" data-id=\"7254\" src=\"https:\/\/feuerwehr-rehau.de\/wp-content\/uploads\/2024\/07\/K1600_IMG_8035_\u00a9konrad.jpg\" alt=\"\" class=\"wp-image-7254\" srcset=\"https:\/\/feuerwehr-rehau.de\/wp-content\/uploads\/2024\/07\/K1600_IMG_8035_\u00a9konrad.jpg 1200w, https:\/\/feuerwehr-rehau.de\/wp-content\/uploads\/2024\/07\/K1600_IMG_8035_\u00a9konrad-1067x1600.jpg 1067w, https:\/\/feuerwehr-rehau.de\/wp-content\/uploads\/2024\/07\/K1600_IMG_8035_\u00a9konrad-1024x1536.jpg 1024w\" sizes=\"(max-width: 1200px) 100vw, 1200px\" \/><\/a><\/figure>\n<\/figure>\n","protected":false},"excerpt":{"rendered":"<p>Im Juni erfolgte die Einweihung der \u201eKletterwache 95111\u201c des Dt. Alpenvereins Sektion Hof. Dieser hat in Teilen unseres alten Ger\u00e4tehauses sein neues Kletterzentrum eingerichtet. Dazu wurde zus\u00e4tzlich auch vor dem Geb\u00e4ude ein 15m hoher Kletterturm errichtet. In unserer ehemaligen Fahrzeughallte wurde zudem eine gro\u00dfe Boulder-Landschaft errichtet. Nachdem wir im Dezember 2020 aus unserer alten Heimat [&hellip;]<\/p>\n","protected":false},"author":72,"featured_media":7255,"comment_status":"closed","ping_status":"open","sticky":false,"template":"","format":"standard","meta":{"footnotes":""},"categories":[9,1,509],"tags":[],"class_list":{"0":"post-7242","1":"post","2":"type-post","3":"status-publish","4":"format-standard","5":"has-post-thumbnail","7":"category-aktuelles","8":"category-allgemein","9":"category-archiv_","10":"czr-hentry"},"_links":{"self":[{"href":"https:\/\/feuerwehr-rehau.de\/index.php?rest_route=\/wp\/v2\/posts\/7242","targetHints":{"allow":["GET"]}}],"collection":[{"href":"https:\/\/feuerwehr-rehau.de\/index.php?rest_route=\/wp\/v2\/posts"}],"about":[{"href":"https:\/\/feuerwehr-rehau.de\/index.php?rest_route=\/wp\/v2\/types\/post"}],"author":[{"embeddable":true,"href":"https:\/\/feuerwehr-rehau.de\/index.php?rest_route=\/wp\/v2\/users\/72"}],"replies":[{"embeddable":true,"href":"https:\/\/feuerwehr-rehau.de\/index.php?rest_route=%2Fwp%2Fv2%2Fcomments&post=7242"}],"version-history":[{"count":1,"href":"https:\/\/feuerwehr-rehau.de\/index.php?rest_route=\/wp\/v2\/posts\/7242\/revisions"}],"predecessor-version":[{"id":7256,"href":"https:\/\/feuerwehr-rehau.de\/index.php?rest_route=\/wp\/v2\/posts\/7242\/revisions\/7256"}],"wp:featuredmedia":[{"embeddable":true,"href":"https:\/\/feuerwehr-rehau.de\/index.php?rest_route=\/wp\/v2\/media\/7255"}],"wp:attachment":[{"href":"https:\/\/feuerwehr-rehau.de\/index.php?rest_route=%2Fwp%2Fv2%2Fmedia&parent=7242"}],"wp:term":[{"taxonomy":"category","embeddable":true,"href":"https:\/\/feuerwehr-rehau.de\/index.php?rest_route=%2Fwp%2Fv2%2Fcategories&post=7242"},{"taxonomy":"post_tag","embeddable":true,"href":"https:\/\/feuerwehr-rehau.de\/index.php?rest_route=%2Fwp%2Fv2%2Ftags&post=7242"}],"curies":[{"name":"wp","href":"https:\/\/api.w.org\/{rel}","templated":true}]}}