{"id":7547,"date":"2024-10-28T23:49:00","date_gmt":"2024-10-28T22:49:00","guid":{"rendered":"https:\/\/feuerwehr-rehau.de\/?p=7547"},"modified":"2024-10-28T23:49:02","modified_gmt":"2024-10-28T22:49:02","slug":"jugendflamme-2024","status":"publish","type":"post","link":"https:\/\/feuerwehr-rehau.de\/?p=7547","title":{"rendered":"Jugendflamme 2024"},"content":{"rendered":"\n<p>Letzten Samstag fand die Abnahme der Jugendflamme in Carlsgr\u00fcn statt, ein wichtiger Termin f\u00fcr die Nachwuchsfeuerwehrkr\u00e4fte der Region. Rund 180 Jugendliche aus dem gesamten Landkreis kamen zusammen, um ihre F\u00e4higkeiten unter Beweis zu stellen und ihre Fortschritte in der feuerwehrtechnischen Ausbildung zu zeigen.<\/p>\n\n\n\n<p>Aus unserer Jugendgruppe nahmen f\u00fcnf engagierte Jugendliche an der Pr\u00fcfung teil und legten erfolgreich die Stufe 3 der Jugendflamme ab. Die Anforderungen in dieser dritten Stufe waren anspruchsvoll: Die Jugendlichen mussten einen vollst\u00e4ndigen Schaumangriff aufbauen, was ein pr\u00e4zises und sicheres Arbeiten erforderte. Zudem wurde ihr Wissen \u00fcber Brandschutztechnik auf die Probe gestellt, indem sie eine Pr\u00e4sentation \u00fcber ein Objekt mit brandschutztechnischer Einrichtung erarbeiten und pr\u00e4sentieren mussten.<\/p>\n\n\n\n<p>Klasse Leistung!<\/p>\n\n\n\n<p><br>Vielen Dank and die Freiwillige Feuerwehr Carlsgr\u00fcn f\u00fcr die Organisation.<\/p>\n\n\n\n<p><\/p>\n\n\n\n<figure class=\"wp-block-gallery has-nested-images columns-default is-cropped wp-block-gallery-1 is-layout-flex wp-block-gallery-is-layout-flex\">\n<figure class=\"wp-block-image size-large\"><img decoding=\"async\" width=\"1600\" height=\"900\" data-id=\"7548\" src=\"https:\/\/feuerwehr-rehau.de\/wp-content\/uploads\/2024\/10\/d768e2fc-a0b4-4a76-82d3-b88451256de5.jpg\" alt=\"\" class=\"wp-image-7548\" srcset=\"https:\/\/feuerwehr-rehau.de\/wp-content\/uploads\/2024\/10\/d768e2fc-a0b4-4a76-82d3-b88451256de5.jpg 1600w, https:\/\/feuerwehr-rehau.de\/wp-content\/uploads\/2024\/10\/d768e2fc-a0b4-4a76-82d3-b88451256de5-1536x864.jpg 1536w\" sizes=\"(max-width: 1600px) 100vw, 1600px\" \/><\/figure>\n\n\n\n<figure class=\"wp-block-image size-full\"><img decoding=\"async\" width=\"900\" height=\"1600\" data-id=\"7550\" src=\"https:\/\/feuerwehr-rehau.de\/wp-content\/uploads\/2024\/10\/52c8ad5a-707b-4faf-99a3-a58f8048adac.jpg\" alt=\"\" class=\"wp-image-7550\" srcset=\"https:\/\/feuerwehr-rehau.de\/wp-content\/uploads\/2024\/10\/52c8ad5a-707b-4faf-99a3-a58f8048adac.jpg 900w, https:\/\/feuerwehr-rehau.de\/wp-content\/uploads\/2024\/10\/52c8ad5a-707b-4faf-99a3-a58f8048adac-864x1536.jpg 864w\" sizes=\"(max-width: 900px) 100vw, 900px\" \/><\/figure>\n\n\n\n<figure class=\"wp-block-image size-large\"><img decoding=\"async\" width=\"1600\" height=\"900\" data-id=\"7551\" src=\"https:\/\/feuerwehr-rehau.de\/wp-content\/uploads\/2024\/10\/08b618d4-5e46-48d0-8432-dec3189a132c.jpg\" alt=\"\" class=\"wp-image-7551\" srcset=\"https:\/\/feuerwehr-rehau.de\/wp-content\/uploads\/2024\/10\/08b618d4-5e46-48d0-8432-dec3189a132c.jpg 1600w, https:\/\/feuerwehr-rehau.de\/wp-content\/uploads\/2024\/10\/08b618d4-5e46-48d0-8432-dec3189a132c-1536x864.jpg 1536w\" sizes=\"(max-width: 1600px) 100vw, 1600px\" \/><\/figure>\n\n\n\n<figure class=\"wp-block-image size-full\"><img decoding=\"async\" width=\"900\" height=\"1600\" data-id=\"7549\" src=\"https:\/\/feuerwehr-rehau.de\/wp-content\/uploads\/2024\/10\/b9408143-49b4-4923-85b8-a995a7ba713e.jpg\" alt=\"\" class=\"wp-image-7549\" srcset=\"https:\/\/feuerwehr-rehau.de\/wp-content\/uploads\/2024\/10\/b9408143-49b4-4923-85b8-a995a7ba713e.jpg 900w, https:\/\/feuerwehr-rehau.de\/wp-content\/uploads\/2024\/10\/b9408143-49b4-4923-85b8-a995a7ba713e-864x1536.jpg 864w\" sizes=\"(max-width: 900px) 100vw, 900px\" \/><\/figure>\n<\/figure>\n","protected":false},"excerpt":{"rendered":"<p>Letzten Samstag fand die Abnahme der Jugendflamme in Carlsgr\u00fcn statt, ein wichtiger Termin f\u00fcr die Nachwuchsfeuerwehrkr\u00e4fte der Region. Rund 180 Jugendliche aus dem gesamten Landkreis kamen zusammen, um ihre F\u00e4higkeiten unter Beweis zu stellen und ihre Fortschritte in der feuerwehrtechnischen Ausbildung zu zeigen. Aus unserer Jugendgruppe nahmen f\u00fcnf engagierte Jugendliche an der Pr\u00fcfung teil und [&hellip;]<\/p>\n","protected":false},"author":184,"featured_media":7553,"comment_status":"closed","ping_status":"open","sticky":false,"template":"","format":"standard","meta":{"footnotes":""},"categories":[1],"tags":[],"class_list":{"0":"post-7547","1":"post","2":"type-post","3":"status-publish","4":"format-standard","5":"has-post-thumbnail","7":"category-allgemein","8":"czr-hentry"},"_links":{"self":[{"href":"https:\/\/feuerwehr-rehau.de\/index.php?rest_route=\/wp\/v2\/posts\/7547","targetHints":{"allow":["GET"]}}],"collection":[{"href":"https:\/\/feuerwehr-rehau.de\/index.php?rest_route=\/wp\/v2\/posts"}],"about":[{"href":"https:\/\/feuerwehr-rehau.de\/index.php?rest_route=\/wp\/v2\/types\/post"}],"author":[{"embeddable":true,"href":"https:\/\/feuerwehr-rehau.de\/index.php?rest_route=\/wp\/v2\/users\/184"}],"replies":[{"embeddable":true,"href":"https:\/\/feuerwehr-rehau.de\/index.php?rest_route=%2Fwp%2Fv2%2Fcomments&post=7547"}],"version-history":[{"count":2,"href":"https:\/\/feuerwehr-rehau.de\/index.php?rest_route=\/wp\/v2\/posts\/7547\/revisions"}],"predecessor-version":[{"id":7554,"href":"https:\/\/feuerwehr-rehau.de\/index.php?rest_route=\/wp\/v2\/posts\/7547\/revisions\/7554"}],"wp:featuredmedia":[{"embeddable":true,"href":"https:\/\/feuerwehr-rehau.de\/index.php?rest_route=\/wp\/v2\/media\/7553"}],"wp:attachment":[{"href":"https:\/\/feuerwehr-rehau.de\/index.php?rest_route=%2Fwp%2Fv2%2Fmedia&parent=7547"}],"wp:term":[{"taxonomy":"category","embeddable":true,"href":"https:\/\/feuerwehr-rehau.de\/index.php?rest_route=%2Fwp%2Fv2%2Fcategories&post=7547"},{"taxonomy":"post_tag","embeddable":true,"href":"https:\/\/feuerwehr-rehau.de\/index.php?rest_route=%2Fwp%2Fv2%2Ftags&post=7547"}],"curies":[{"name":"wp","href":"https:\/\/api.w.org\/{rel}","templated":true}]}}