{"id":7920,"date":"2025-02-26T16:02:45","date_gmt":"2025-02-26T18:02:45","guid":{"rendered":"https:\/\/feuerwehr-rehau.de\/?p=7920"},"modified":"2025-02-26T16:30:07","modified_gmt":"2025-02-26T18:30:07","slug":"spendenuebergabe-florians-kruste","status":"publish","type":"post","link":"https:\/\/feuerwehr-rehau.de\/?p=7920","title":{"rendered":"Spenden\u00fcbergabe &#8222;Florian\u00b4s Kruste&#8220;"},"content":{"rendered":"\n<p><strong>Spenden\u00fcbergabe der &#8222;Florians Kruste&#8220; f\u00fcr die Jugendfeuerwehren in Rehau und Hof<\/strong><\/p>\n\n\n\n<p>Rehau\/Hof &#8211; Seit dem Jahr 2022 wird in der B\u00e4ckerei und Konditorei Herzog die &#8222;Florians Kruste&#8220; gebacken \u2013 ein besonderes Brot, dessen Verkaufserl\u00f6s direkt der Jugendarbeit der Feuerwehren in Rehau und Hof zugutekommt.<\/p>\n\n\n\n<p>Am  Freitag, dem 21.02.2025 fand erneut eine Spenden\u00fcbergabe statt. B\u00e4ckermeister J\u00fcrgen Herzog \u00fcberreichte dabei jeweils einen Umschlag mit 300 Euro an die Jugendgruppen der Feuerwehr Rehau und der Feuerwehr Hof. Die Spende stammt aus dem Verkaufserl\u00f6s der &#8222;Florians Kruste&#8220;, bei dem von jedem verkauften Brot 0,20 Euro in eine Spendenbox flie\u00dfen. Diese Gelder kommen unmittelbar der Nachwuchsarbeit der beiden Feuerwehren zugute und unterst\u00fctzen wichtige Projekte und Anschaffungen.<\/p>\n\n\n\n<p>Die &#8222;Florians Kruste&#8220; erfreut sich weiterhin gro\u00dfer Beliebtheit und kann in den Filialen der B\u00e4ckerei J\u00fcrgen Herzog erworben werden. Interessierte Kunden finden das Spendenbrot in Rehau in der Pilgramsreuther Stra\u00dfe 24 sowie in Hof in der Marienstra\u00dfe 60.<\/p>\n\n\n\n<figure data-wp-context=\"{&quot;imageId&quot;:&quot;69f52514a4683&quot;}\" data-wp-interactive=\"core\/image\" data-wp-key=\"69f52514a4683\" class=\"wp-block-image size-full wp-lightbox-container\"><img decoding=\"async\" width=\"1620\" height=\"1080\" data-wp-class--hide=\"state.isContentHidden\" data-wp-class--show=\"state.isContentVisible\" data-wp-init=\"callbacks.setButtonStyles\" data-wp-on--click=\"actions.showLightbox\" data-wp-on--load=\"callbacks.setButtonStyles\" data-wp-on-window--resize=\"callbacks.setButtonStyles\" src=\"https:\/\/feuerwehr-rehau.de\/wp-content\/uploads\/2025\/02\/PNG-Bild-2.png\" alt=\"\" class=\"wp-image-7921\" srcset=\"https:\/\/feuerwehr-rehau.de\/wp-content\/uploads\/2025\/02\/PNG-Bild-2.png 1620w, https:\/\/feuerwehr-rehau.de\/wp-content\/uploads\/2025\/02\/PNG-Bild-2-1600x1067.png 1600w, https:\/\/feuerwehr-rehau.de\/wp-content\/uploads\/2025\/02\/PNG-Bild-2-1536x1024.png 1536w\" sizes=\"(max-width: 1620px) 100vw, 1620px\" \/><button\n\t\t\tclass=\"lightbox-trigger\"\n\t\t\ttype=\"button\"\n\t\t\taria-haspopup=\"dialog\"\n\t\t\taria-label=\"Vergr\u00f6\u00dfern\"\n\t\t\tdata-wp-init=\"callbacks.initTriggerButton\"\n\t\t\tdata-wp-on--click=\"actions.showLightbox\"\n\t\t\tdata-wp-style--right=\"state.imageButtonRight\"\n\t\t\tdata-wp-style--top=\"state.imageButtonTop\"\n\t\t>\n\t\t\t<svg xmlns=\"http:\/\/www.w3.org\/2000\/svg\" width=\"12\" height=\"12\" fill=\"none\" viewBox=\"0 0 12 12\">\n\t\t\t\t<path fill=\"#fff\" d=\"M2 0a2 2 0 0 0-2 2v2h1.5V2a.5.5 0 0 1 .5-.5h2V0H2Zm2 10.5H2a.5.5 0 0 1-.5-.5V8H0v2a2 2 0 0 0 2 2h2v-1.5ZM8 12v-1.5h2a.5.5 0 0 0 .5-.5V8H12v2a2 2 0 0 1-2 2H8Zm2-12a2 2 0 0 1 2 2v2h-1.5V2a.5.5 0 0 0-.5-.5H8V0h2Z\" \/>\n\t\t\t<\/svg>\n\t\t<\/button><\/figure>\n\n\n\n<p>Zur Spenden\u00fcbergabe versammelten sich Vertreter der Feuerwehren und der B\u00e4ckerei Herzog. Auf dem gemeinsamen Foto sind zu sehen (v.l.n.r.): Alex Rie\u00df (2. Vorstand der Freiwilligen Feuerwehr Rehau), B\u00e4ckermeister J\u00fcrgen Herzog und Philip Tr\u00f6ger (Stadtjugendwart der Freiwilligen Feuerwehr Hof).<\/p>\n\n\n\n<p><\/p>\n","protected":false},"excerpt":{"rendered":"<p>Spenden\u00fcbergabe der &#8222;Florians Kruste&#8220; f\u00fcr die Jugendfeuerwehren in Rehau und Hof Rehau\/Hof &#8211; Seit dem Jahr 2022 wird in der B\u00e4ckerei und Konditorei Herzog die &#8222;Florians Kruste&#8220; gebacken \u2013 ein besonderes Brot, dessen Verkaufserl\u00f6s direkt der Jugendarbeit der Feuerwehren in Rehau und Hof zugutekommt. Am Freitag, dem 21.02.2025 fand erneut eine Spenden\u00fcbergabe statt. B\u00e4ckermeister J\u00fcrgen [&hellip;]<\/p>\n","protected":false},"author":184,"featured_media":7921,"comment_status":"closed","ping_status":"open","sticky":false,"template":"","format":"standard","meta":{"footnotes":""},"categories":[9],"tags":[],"class_list":{"0":"post-7920","1":"post","2":"type-post","3":"status-publish","4":"format-standard","5":"has-post-thumbnail","7":"category-aktuelles","8":"czr-hentry"},"_links":{"self":[{"href":"https:\/\/feuerwehr-rehau.de\/index.php?rest_route=\/wp\/v2\/posts\/7920","targetHints":{"allow":["GET"]}}],"collection":[{"href":"https:\/\/feuerwehr-rehau.de\/index.php?rest_route=\/wp\/v2\/posts"}],"about":[{"href":"https:\/\/feuerwehr-rehau.de\/index.php?rest_route=\/wp\/v2\/types\/post"}],"author":[{"embeddable":true,"href":"https:\/\/feuerwehr-rehau.de\/index.php?rest_route=\/wp\/v2\/users\/184"}],"replies":[{"embeddable":true,"href":"https:\/\/feuerwehr-rehau.de\/index.php?rest_route=%2Fwp%2Fv2%2Fcomments&post=7920"}],"version-history":[{"count":6,"href":"https:\/\/feuerwehr-rehau.de\/index.php?rest_route=\/wp\/v2\/posts\/7920\/revisions"}],"predecessor-version":[{"id":7929,"href":"https:\/\/feuerwehr-rehau.de\/index.php?rest_route=\/wp\/v2\/posts\/7920\/revisions\/7929"}],"wp:featuredmedia":[{"embeddable":true,"href":"https:\/\/feuerwehr-rehau.de\/index.php?rest_route=\/wp\/v2\/media\/7921"}],"wp:attachment":[{"href":"https:\/\/feuerwehr-rehau.de\/index.php?rest_route=%2Fwp%2Fv2%2Fmedia&parent=7920"}],"wp:term":[{"taxonomy":"category","embeddable":true,"href":"https:\/\/feuerwehr-rehau.de\/index.php?rest_route=%2Fwp%2Fv2%2Fcategories&post=7920"},{"taxonomy":"post_tag","embeddable":true,"href":"https:\/\/feuerwehr-rehau.de\/index.php?rest_route=%2Fwp%2Fv2%2Ftags&post=7920"}],"curies":[{"name":"wp","href":"https:\/\/api.w.org\/{rel}","templated":true}]}}